{"id":38481,"date":"2026-02-13T12:19:37","date_gmt":"2026-02-13T17:19:37","guid":{"rendered":"https:\/\/fondationjeunesentete.org\/?p=38481"},"modified":"2026-02-13T12:31:54","modified_gmt":"2026-02-13T17:31:54","slug":"750-000-pour-la-sante-mentale-des-ados-du-quebec","status":"publish","type":"post","link":"https:\/\/fondationjeunesentete.org\/2026\/02\/13\/750-000-pour-la-sante-mentale-des-ados-du-quebec\/","title":{"rendered":"750 000 $ pour la sant\u00e9 mentale des ados du Qu\u00e9bec"},"content":{"rendered":"<div class=\"wpb-content-wrapper\"><p>[vc_row full_width=\u00a0\u00bbstretch_row_content_no_spaces\u00a0\u00bb][vc_column]<div class=\"fjet-module-container module-without-overflow bg module-hero bg-color module-bg-color-blanc \">\n    <div class=\"bg-img-hero \" style=\"background-image: url('https:\/\/fondationjeunesentete.tor1.digitaloceanspaces.com\/2026\/02\/design-sans-titre-4.jpg')\">                <div class=\"container\">\n                        <div class=\"row justify-content-center desktop-only\">\n                <div class=\"col-xl-8\">\n                    <div class=\"content-hero content-txt text-center no-bt \">\n                                                <h1 class=\"text-color-blanc \">Une course \u00e0 la bienveillance qui rapporte gros !<\/h1>                        <p class=\"lead text-color-\"><\/p>\n                        <div class=\"box-btns\">\t                    \t\t\t\t\t\t<\/div>\n                    <\/div>\n                <\/div>\n            <\/div>\n        <\/div>\n    <\/div>    <div class=\"container mobile-only with-bg \">\n        <div class=\"row row-mobile\">\n            <div class=\"col-12\">\n                <div class=\"content-txt \">\n                                        <h1 class=\"text-color-blanc \">Une course \u00e0 la bienveillance qui rapporte gros !<\/h1>                    <p class=\"lead text-color-\"><\/p>\n\t\t\t\t\t<div class=\"box-btns\">\t                \t\t\t\t\t<\/div>\n                <\/div>\n            <\/div>\n        <\/div>\n    <\/div>\n<\/div>\n[\/vc_column][\/vc_row][vc_row][vc_column][vc_empty_space height=\u00a0\u00bb155px\u00a0\u00bb][vc_empty_space][vc_empty_space][\/vc_column][\/vc_row][vc_row][vc_column width=\u00a0\u00bb1\/2&Prime; css=\u00a0\u00bb.vc_custom_1728328251760{margin-top: -100px !important;background-color: #ffffff !important;}\u00a0\u00bb][vc_empty_space]<div class=\"fjet-module-container module-texte-centre  module-without-overflow    \">\n            <div class=\"container\">\n        <div class=\"row\">\n            <div class=\"col-12 \">\n                <div class=\"content-txt\">\n                                        <h2 class=\"text-color- \">750 000 $ net pour la sant\u00e9 mentale des ados du Qu\u00e9bec<\/h2>                    <p><span class=\"TextRun SCXW252471211 BCX0\" lang=\"FR-FR\" xml:lang=\"FR-FR\" data-contrast=\"none\"><span class=\"NormalTextRun SCXW252471211 BCX0\">La\u00a0<\/span><\/span><span class=\"TextRun SCXW252471211 BCX0\" lang=\"FR-FR\" xml:lang=\"FR-FR\" data-contrast=\"none\"><span class=\"NormalTextRun SCXW252471211 BCX0\">22e \u00e9dition du Bal de la Saint-Valentin\u00a0<\/span><\/span><span class=\"TextRun SCXW252471211 BCX0\" lang=\"FR-FR\" xml:lang=\"FR-FR\" data-contrast=\"none\"><span class=\"NormalTextRun SCXW252471211 BCX0\">de la Fondation Jeunes en T\u00eate<\/span><\/span><span class=\"TextRun SCXW252471211 BCX0\" lang=\"FR-FR\" xml:lang=\"FR-FR\" data-contrast=\"none\"><span class=\"NormalTextRun SCXW252471211 BCX0\">,\u00a0<\/span><\/span><span class=\"TextRun SCXW252471211 BCX0\" lang=\"FR-FR\" xml:lang=\"FR-FR\" data-contrast=\"none\"><span class=\"NormalTextRun SCXW252471211 BCX0\">sous la th\u00e9matique du\u00a0<\/span><\/span><span class=\"TextRun SCXW252471211 BCX0\" lang=\"FR-FR\" xml:lang=\"FR-FR\" data-contrast=\"none\"><span class=\"NormalTextRun SCXW252471211 BCX0\">Grand Derby<\/span><\/span><span class=\"TextRun SCXW252471211 BCX0\" lang=\"FR-FR\" xml:lang=\"FR-FR\" data-contrast=\"none\"><span class=\"NormalTextRun SCXW252471211 BCX0\">, a connu un succ\u00e8s \u00e9clatant hier soir \u00e0 la Gare Windsor de Montr\u00e9al. Accueillant plus de\u00a0<\/span><\/span><span class=\"TextRun SCXW252471211 BCX0\" lang=\"FR-FR\" xml:lang=\"FR-FR\" data-contrast=\"none\"><span class=\"NormalTextRun SCXW252471211 BCX0\">660 convives<\/span><\/span><span class=\"TextRun SCXW252471211 BCX0\" lang=\"FR-FR\" xml:lang=\"FR-FR\" data-contrast=\"none\"><span class=\"NormalTextRun SCXW252471211 BCX0\">, cette soir\u00e9e festive inspir\u00e9e des plus \u00e9l\u00e9gantes courses de chevaux a permis d&rsquo;amasser une somme nette impressionnante de\u00a0<\/span><\/span><strong><span class=\"TextRun SCXW252471211 BCX0\" lang=\"FR-FR\" xml:lang=\"FR-FR\" data-contrast=\"none\"><span class=\"NormalTextRun SCXW252471211 BCX0\">750<\/span><span class=\"NormalTextRun SCXW252471211 BCX0\">\u00a0000 $<\/span><\/span><\/strong><span class=\"TextRun SCXW252471211 BCX0\" lang=\"FR-FR\" xml:lang=\"FR-FR\" data-contrast=\"none\"><span class=\"NormalTextRun SCXW252471211 BCX0\">\u00a0pour la pr\u00e9vention\u00a0<\/span><span class=\"NormalTextRun SCXW252471211 BCX0\">de la d\u00e9tresse p<\/span><span class=\"NormalTextRun SCXW252471211 BCX0\">s<\/span><span class=\"NormalTextRun SCXW252471211 BCX0\">ychologique des jeunes du Qu\u00e9bec<\/span><span class=\"NormalTextRun SCXW252471211 BCX0\">.<\/span><span class=\"NormalTextRun SCXW252471211 BCX0\">\u00a0<\/span><\/span><span class=\"TextRun SCXW252471211 BCX0\" lang=\"FR-FR\" xml:lang=\"FR-FR\" data-contrast=\"auto\"><span class=\"NormalTextRun SCXW252471211 BCX0\">Les fonds recueillis contribueront au d\u00e9ploiement d\u2019ateliers de sensibilisation et d\u2019outils num\u00e9riques offerts gratuitement aux jeunes, \u00e0 leurs familles et au personnel scolaire partout au Qu\u00e9bec.<\/span><\/span><span class=\"EOP SCXW252471211 BCX0\" data-ccp-props=\"{&quot;335559738&quot;:240,&quot;335559739&quot;:240}\">\u00a0<\/span><\/p>\n<p><span data-contrast=\"auto\">C\u2019est un cercle des gouverneurs tr\u00e8s fier qui tient ce ch\u00e8que impressionnant !\u00a0<\/span><span data-ccp-props=\"{}\">\u00a0<\/span><\/p>\n                                    <\/div>\n            <\/div>\n        <\/div>\n    <\/div>\n    <\/div>[\/vc_column][vc_column width=\u00a0\u00bb1\/2&Prime;]<div class=\"fjet-module-container image-texte-module  \">\n    <div class=\"container\">\n        <div class=\"row\">\n            <div class=\"col-12\">\n    <div class=\"content-img\" >\n        <div class=\"img-radius-8 pb-26\">\n            <img decoding=\"async\" src=\"https:\/\/fondationjeunesentete.tor1.digitaloceanspaces.com\/2026\/02\/bsv26-chequefr-high-res.jpg\" alt=\"\" class=\"img-fluid\">\n        <\/div>    <\/div>\n    <div class=\"content-txt\"  >\n                        <p><span style=\"font-size: 12px;\" data-contrast=\"auto\">De gauche \u00e0 droite : Pierre Desjardins (Chades &amp; associ\u00e9s), Sonia Boisvert (PwC), Catherine Parent (Roynat Capital \/ Banque Scotia), M\u00e9lanie Boucher (Fondation Jeunes en T\u00eate), Jean-Fran\u00e7ois Courville (Banque Scotia), Nathalie Gagnon (BCF Avocats d\u2019affaires), Paule Labelle (Cava Rose), \u00c9ric Fortin (Kastello Immoblier).\u00a0<\/span><\/p>\n            <\/div>\n            <\/div>\n        <\/div>\n    <\/div>\n<\/div>[\/vc_column][\/vc_row][vc_row][vc_column][vc_empty_space height=\u00a0\u00bb155px\u00a0\u00bb][\/vc_column][\/vc_row][vc_row][vc_column css=\u00a0\u00bb.vc_custom_1728328251760{margin-top: -100px !important;background-color: #ffffff !important;}\u00a0\u00bb]<div class=\"fjet-module-container module-title-container module-without-overflow      \">\n                    <div class=\"container\">\n            <div class=\"row\">\n                <div class=\"col-12\">\n                    <div class=\"content-txt \">\n                                                                    <\/div>\n                    <div class=\"content-vc\">\n                        [vc_empty_space height=\u00a0\u00bb60px\u00a0\u00bb]<div class=\"fjet-module-container module-texte-centre  module-without-overflow    \">\n            <div class=\"container\">\n        <div class=\"row\">\n            <div class=\"col-12 \">\n                <div class=\"content-txt\">\n                                                            <p><span data-contrast=\"none\">Depuis 22 ans, cet \u00e9v\u00e9nement-b\u00e9n\u00e9fice est devenu l\u2019un des rendez-vous philanthropiques incontournables de la m\u00e9tropole.\u00a0Merci \u00e0\u00a0<\/span><span data-contrast=\"auto\">Jean-Fran\u00e7ois Courville, Pr\u00e9sident, Qu\u00e9bec pour la Banque Scotia, d\u2019en\u00a0avoir accept\u00e9 la pr\u00e9sidence d&rsquo;honneur cette ann\u00e9e.<\/span><span data-ccp-props=\"{&quot;335559738&quot;:240,&quot;335559739&quot;:240}\">\u00a0<\/span><\/p>\n                                    <\/div>\n            <\/div>\n        <\/div>\n    <\/div>\n    <\/div>[vc_empty_space height=\u00a0\u00bb100px\u00a0\u00bb][vc_row_inner content_placement=\u00a0\u00bbmiddle\u00a0\u00bb][vc_column_inner width=\u00a0\u00bb1\/3&Prime;][vc_single_image image=\u00a0\u00bb36714&Prime; img_size=\u00a0\u00bbfull\u00a0\u00bb css=\u00a0\u00bb.vc_custom_1759261289189{margin-top: -50px !important;}\u00a0\u00bb][\/vc_column_inner][vc_column_inner width=\u00a0\u00bb2\/3&Prime; css=\u00a0\u00bb.vc_custom_1744306132641{padding-right: 30px !important;padding-left: 30px !important;}\u00a0\u00bb][vc_column_text css=\u00a0\u00bb\u00a0\u00bb]<span data-contrast=\"none\">\u00ab En tant que membre actif de la communaut\u00e9 d&rsquo;affaires, je suis honor\u00e9 d&rsquo;avoir agi \u00e0 titre de Pr\u00e9sident d&rsquo;honneur pour cette 22e \u00e9dition du Bal de la Saint-Valentin. L&rsquo;\u00e9v\u00e9nement est non seulement un rassemblement d&rsquo;exception, mais il met aussi de\u00a0l\u2019avant une cause vitale. Il est de notre responsabilit\u00e9 collective d\u2019assurer que les jeunes soient bien outill\u00e9s pour naviguer les d\u00e9fis de l\u2019adolescence et b\u00e2tir un avenir en sant\u00e9. La bienveillance dont nous faisons preuve ce soir est un investissement direct pour la sant\u00e9 mentale des prochaines g\u00e9n\u00e9rations \u00bb, a affirm\u00e9 monsieur Courville dans le cadre de cette soir\u00e9e caritative.<\/span><span data-ccp-props=\"{&quot;335559738&quot;:240,&quot;335559739&quot;:240}\">\u00a0<\/span>[\/vc_column_text][vc_column_text css=\u00a0\u00bb\u00a0\u00bb]<\/p>\n<h4 style=\"color: #9dd9e2; text-align: left;\"><span style=\"color: #c96d9f;\">Jean-Fran\u00e7ois Courville<\/span><\/h4>\n<p style=\"text-align: left;\"><span style=\"color: #00493b;\">Pr\u00e9sident, Qu\u00e9bec<\/span><br \/>\n<a href=\"https:\/\/www.scotiabank.com\/ca\/fr\/particuliers.html\" target=\"_blank\" rel=\"noopener\">Banque Scotia<\/a><\/p>\n<p>[\/vc_column_text][vc_empty_space height=\u00a0\u00bb30px\u00a0\u00bb][vc_single_image image=\u00a0\u00bb36741&Prime; img_size=\u00a0\u00bb\u00a0\u00bb css=\u00a0\u00bb.vc_custom_1759340964925{margin-top: -50px !important;}\u00a0\u00bb][\/vc_column_inner][\/vc_row_inner]                    <\/div>\n                <\/div>\n            <\/div>\n        <\/div>\n        <\/div>\n[\/vc_column][\/vc_row][vc_row][vc_column][vc_empty_space height=\u00a0\u00bb155px\u00a0\u00bb][\/vc_column][\/vc_row][vc_row full_height=\u00a0\u00bbyes\u00a0\u00bb columns_placement=\u00a0\u00bbtop\u00a0\u00bb][vc_column][vc_empty_space height=\u00a0\u00bb55px\u00a0\u00bb]<div class=\"fjet-module-container module-texte-centre  module-without-overflow    \">\n            <div class=\"container\">\n        <div class=\"row\">\n            <div class=\"col-12 \">\n                <div class=\"content-txt\">\n                                                            <p><span class=\"TextRun SCXW158072309 BCX0\" lang=\"FR-FR\" xml:lang=\"FR-FR\" data-contrast=\"auto\"><span class=\"NormalTextRun SCXW158072309 BCX0\">Nous remercions du fond du c\u0153ur\u00a0<\/span><span class=\"NormalTextRun SCXW158072309 BCX0\">les\u00a0<\/span><span class=\"NormalTextRun SCXW158072309 BCX0\">membres du Cercle des Gouverneurs, partenaires, commanditaires, donateurs et b\u00e9n\u00e9voles\u00a0<\/span><span class=\"NormalTextRun SCXW158072309 BCX0\">du Grand Derby\u00a0<\/span><span class=\"NormalTextRun SCXW158072309 BCX0\">!\u00a0<\/span><span class=\"NormalTextRun SCXW158072309 BCX0\">Gr\u00e2ce \u00e0 leur engagement, la Fondation poursuit ses actions de pr\u00e9vention et rejoint plus de 55 000 jeunes par ann\u00e9e \u00e0 travers le Qu\u00e9bec.<\/span><\/span><span class=\"EOP SCXW158072309 BCX0\" data-ccp-props=\"{}\">\u00a0<\/span><\/p>\n                                    <\/div>\n            <\/div>\n        <\/div>\n    <\/div>\n    <\/div>[vc_empty_space height=\u00a0\u00bb55px\u00a0\u00bb][vc_row_inner][vc_column_inner width=\u00a0\u00bb1\/3&Prime;]<div class=\"fjet-module-container image-texte-module  black-li\">\n    <div class=\"container\">\n        <div class=\"row\">\n            <div class=\"col-12\">\n    <div class=\"content-img\" >\n        <div class=\"img-radius-8 pb-26\">\n            <img decoding=\"async\" src=\"https:\/\/fondationjeunesentete.tor1.digitaloceanspaces.com\/2025\/07\/design-sans-titre-2025-07-21t104715870.jpg\" alt=\"\" class=\"img-fluid\">\n        <\/div>    <\/div>\n    <div class=\"content-txt\"  >\n                        <\/p>\n<h4 style=\"color: #9dd9e2;\"><span style=\"color: #c96d9f;\">Pr\u00e9sidente du comit\u00e9<\/span><\/h4>\n<h5><span style=\"color: #003366; font-size: 24px;\">Catherine Parent<\/span><\/h5>\n<p>&nbsp;<\/p>\n<p style=\"text-align: left;\"><span style=\"color: #003366; font-size: 16px;\">Directrice g\u00e9n\u00e9rale, Partenaires d&rsquo;investissement Roynat<br \/>\n<a href=\"https:\/\/www.roynat.com\/ca\/fr.html\" target=\"_blank\" rel=\"noopener\">Roynat Capital\/Banque Scotia<\/a><\/span><\/p>\n<p>\n            <\/div>\n            <\/div>\n        <\/div>\n    <\/div>\n<\/div>[\/vc_column_inner][vc_column_inner width=\u00a0\u00bb1\/3&Prime;][vc_empty_space]<div class=\"fjet-module-container image-texte-module  black-li\">\n    <div class=\"container\">\n        <div class=\"row\">\n            <div class=\"col-12\">\n    <div class=\"content-img\" >\n            <\/div>\n    <div class=\"content-txt\"  >\n                        <\/p>\n<h4 style=\"color: #9dd9e2;\"><span style=\"color: #c96d9f;\">Membres<\/span><\/h4>\n<h5><span style=\"color: #003366;\">Sonia Boisvert<\/span><\/h5>\n<p><a href=\"https:\/\/www.pwc.com\/ca\/fr\/\" target=\"_blank\" rel=\"noopener\"><span style=\"color: #003366;\">PwC<\/span><\/a><\/p>\n<h5><span style=\"color: #003366;\">Pierre DESJARDINS<\/span><\/h5>\n<p><a href=\"https:\/\/chades.ca\/\" target=\"_blank\" rel=\"noopener\"><span style=\"color: #003366;\">Chades &amp; associ\u00e9s<\/span><\/a><\/p>\n<h5><span style=\"color: #003366;\">\u00c9ric FORTIN<\/span><\/h5>\n<p><span style=\"color: #003366;\"><a href=\"https:\/\/www.kastello.ca\/\" target=\"_blank\" rel=\"noopener\">Kastello Immobilier<\/a><br \/>\nFondation Lise et Richard Fortin<\/span><\/p>\n            <\/div>\n            <\/div>\n        <\/div>\n    <\/div>\n<\/div>[\/vc_column_inner][vc_column_inner width=\u00a0\u00bb1\/3&Prime;][vc_empty_space]<div class=\"fjet-module-container image-texte-module  black-li\">\n    <div class=\"container\">\n        <div class=\"row\">\n            <div class=\"col-12\">\n    <div class=\"content-img\" >\n            <\/div>\n    <div class=\"content-txt\"  >\n                        <\/p>\n<h5><span style=\"color: #003366;\">Nathalie GAGNON<\/span><\/h5>\n<p><a href=\"https:\/\/www.bcf.ca\/fr\" target=\"_blank\" rel=\"noopener\"><span style=\"color: #003366;\">BCF Avocats d&rsquo;affaires<\/span><\/a><\/p>\n<h5><span style=\"color: #003366;\">Paule Labelle<\/span><\/h5>\n<p><a href=\"https:\/\/cavarose.com\/\" target=\"_blank\" rel=\"noopener\">Cava Rose<\/a><\/p>\n            <\/div>\n            <\/div>\n        <\/div>\n    <\/div>\n<\/div>[\/vc_column_inner][\/vc_row_inner][\/vc_column][\/vc_row][vc_row][vc_column][vc_single_image image=\u00a0\u00bb38534&Prime; img_size=\u00a0\u00bbfull\u00a0\u00bb alignment=\u00a0\u00bbcenter\u00a0\u00bb css=\u00a0\u00bb\u00a0\u00bb][\/vc_column][\/vc_row][vc_row full_width=\u00a0\u00bbstretch_row_content_no_spaces\u00a0\u00bb][vc_column][vc_empty_space][vc_empty_space]<div class=\"fjet-module-container module-texte-centre  module-without-overflow    \">\n            <div class=\"container\">\n        <div class=\"row\">\n            <div class=\"col-12 \">\n                <div class=\"content-txt\">\n                    <h4 class=\"text-color-\">R\u00e9servez d\u00e8s maintenant pour 2027<\/h4>                                        <p><span data-contrast=\"auto\">Pour \u00eatre certain de ne rien manquer de la prochaine \u00e9dition du Bal de la Saint-Valentin, qui a fait salle comble cette ann\u00e9e, la Fondation Jeunes en T\u00eate invite les int\u00e9ress\u00e9s \u00e0 r\u00e9server leur place d\u00e8s maintenant <\/span><a href=\"https:\/\/dons.fondationjeunesentete.org\/BSV27\/?lng=0\" target=\"_blank\" rel=\"noopener\"><b><span data-contrast=\"none\">en cliquant ici<\/span><\/b><\/a><span data-contrast=\"auto\">.\u00a0La <\/span><span data-contrast=\"none\">23e \u00e9dition se tiendra le 11 f\u00e9vrier 2027, au Studio23 en mode DISCO !\u00a0<\/span><\/p>\n                                    <\/div>\n            <\/div>\n        <\/div>\n    <\/div>\n    <\/div>[vc_empty_space][vc_empty_space]<div class=\"module-2-col-txt-img fjet-module-container module-with-overflow bg-color module-bg-color-bleuPale  \">\n    <!-- decoration-box * pour mettre une deco en fond s'il y a lieu   -->\n        <div class=\"container\">\n        <div class=\"row align-items-center\">\n            <div class=\"order-1 order-lg-2 col-lg-6 offset-lg-1\">\n                                    <div class=\"content-img overflow-container\">\n                        <div class=\"img-radius-8\">\n                            <img decoding=\"async\" src=\"https:\/\/fondationjeunesentete.tor1.digitaloceanspaces.com\/2025\/05\/apprecier-son-corps-header.jpg\" alt=\"CONTRIBUEZ \u00c0 LA PR\u00c9VENTION DE LA D\u00c9TRESSE PSYCHOLOGIQUE DES JEUNES DU QU\u00c9BEC\" class=\"img-fluid\">\n                        <\/div>\n                    <\/div>\n                            <\/div>\n            <div class=\"order-2 order-lg-1 col-lg-5\">\n                <div class=\"content-txt\">\n                                        <h3 class=\"text-color-bleuFonce \">CONTRIBUEZ \u00c0 LA PR\u00c9VENTION DE LA D\u00c9TRESSE PSYCHOLOGIQUE DES JEUNES DU QU\u00c9BEC<\/h3>                    <p><span class=\"TextRun SCXW194639923 BCX0\" lang=\"FR-FR\" xml:lang=\"FR-FR\" data-contrast=\"none\"><span class=\"NormalTextRun SCXW194639923 BCX0\">La Fondation Jeunes en T\u00eate a pour mission de <strong>pr\u00e9venir la d\u00e9tresse psychologique chez les ados<\/strong><\/span><\/span><span class=\"TrackChangeTextInsertion TrackedChange SCXW194639923 BCX0\"><span class=\"TextRun SCXW194639923 BCX0\" lang=\"FR-FR\" xml:lang=\"FR-FR\" data-contrast=\"none\"><span class=\"NormalTextRun SCXW194639923 BCX0\">,<\/span><\/span><\/span><span class=\"TextRun SCXW194639923 BCX0\" lang=\"FR-FR\" xml:lang=\"FR-FR\" data-contrast=\"none\"><span class=\"NormalTextRun SCXW194639923 BCX0\"> et ce dans toutes les r\u00e9gions du Qu\u00e9bec. L\u2019organisme offre aux \u00e9coles, aux parents, aux jeunes et \u00e0 leur entourage des outils en ligne et des ateliers de sensibilisation<\/span><span class=\"NormalTextRun SCXW194639923 BCX0\"> sans frais<\/span><span class=\"NormalTextRun SCXW194639923 BCX0\"> pour les \u00e9coles secon<\/span><span class=\"NormalTextRun SCXW194639923 BCX0\">daires<\/span><span class=\"NormalTextRun SCXW194639923 BCX0\">. <strong>D\u00e9stigmatiser, sensibiliser et outiller<\/strong>, voici les gestes concrets qui sont pos\u00e9s chaque jour par notre \u00e9quipe afin d\u2019aider les prochaines g\u00e9n\u00e9rations \u00e0 faire face aux d\u00e9fis de la vie.\u00a0\u00a0<\/span><\/span><span class=\"EOP SCXW194639923 BCX0\" data-ccp-props=\"{&quot;201341983&quot;:0,&quot;335559740&quot;:259}\">\u00a0<\/span><\/p>\n                                            <a class=\"btn btn-primary data-gtm-trigger\" \n                            href=\"https:\/\/www.jedonneenligne.org\/fondationfjet\/BSV27\/\"\n                            title=\"Je donne pour la cause !\"\n                            target=\"_blank\"\n                            data-gtm-event=\"Download\" \n                            data-gtm-event-category=\"Opportunity\" \n                            data-gtm-event-action=\"Download\" \n                            data-gtm-event-label=\"Je donne pour la cause !\" \n                            data-gtm-download-category=\"Inscription\">\n                            <span>Je donne pour la cause !<\/span>\n                        <\/a>\n                                    <\/div>\n            <\/div>\n        <\/div>\n    <\/div>\n<\/div>[\/vc_column][\/vc_row][vc_row][vc_column][vc_empty_space height=\u00a0\u00bb232px\u00a0\u00bb][\/vc_column][\/vc_row]<\/p>\n<\/div>","protected":false},"excerpt":{"rendered":"<p>La 22e \u00e9dition du Bal de la Saint-Valentin de la Fondation Jeunes en T\u00eate, sous la th\u00e9matique du Grand Derby, a connu un succ\u00e8s \u00e9clatant hier soir \u00e0 la Gare Windsor de Montr\u00e9al.<\/p>\n","protected":false},"author":22,"featured_media":38614,"comment_status":"open","ping_status":"open","sticky":false,"template":"","format":"standard","meta":{"_acf_changed":false,"inline_featured_image":false,"footnotes":""},"categories":[5],"tags":[],"class_list":["post-38481","post","type-post","status-publish","format-standard","has-post-thumbnail","hentry","category-articles-de-la-fondation"],"acf":[],"yoast_head":"<!-- This site is optimized with the Yoast SEO plugin v26.8 - https:\/\/yoast.com\/product\/yoast-seo-wordpress\/ -->\n<title>750 000 $ pour la sant\u00e9 mentale des ados du Qu\u00e9bec - Fondation Jeunes en T\u00eate<\/title>\n<meta name=\"description\" content=\"La 22e \u00e9dition du Bal de la Saint-Valentin de la Fondation Jeunes en T\u00eate, sous la th\u00e9matique du Grand Derby, a connu un succ\u00e8s \u00e9clatant hier soir \u00e0 la Gare Windsor de Montr\u00e9al.\" \/>\n<meta name=\"robots\" content=\"index, follow, max-snippet:-1, max-image-preview:large, max-video-preview:-1\" \/>\n<link rel=\"canonical\" href=\"https:\/\/fondationjeunesentete.org\/2026\/02\/13\/750-000-pour-la-sante-mentale-des-ados-du-quebec\/\" \/>\n<meta property=\"og:locale\" content=\"fr_FR\" \/>\n<meta property=\"og:type\" content=\"article\" \/>\n<meta property=\"og:title\" content=\"750 000 $ pour la sant\u00e9 mentale des ados du Qu\u00e9bec - Fondation Jeunes en T\u00eate\" \/>\n<meta property=\"og:description\" content=\"La 22e \u00e9dition du Bal de la Saint-Valentin de la Fondation Jeunes en T\u00eate, sous la th\u00e9matique du Grand Derby, a connu un succ\u00e8s \u00e9clatant hier soir \u00e0 la Gare Windsor de Montr\u00e9al.\" \/>\n<meta property=\"og:url\" content=\"https:\/\/fondationjeunesentete.org\/2026\/02\/13\/750-000-pour-la-sante-mentale-des-ados-du-quebec\/\" \/>\n<meta property=\"og:site_name\" content=\"Fondation Jeunes en T\u00eate\" \/>\n<meta property=\"article:published_time\" content=\"2026-02-13T17:19:37+00:00\" \/>\n<meta property=\"article:modified_time\" content=\"2026-02-13T17:31:54+00:00\" \/>\n<meta property=\"og:image\" content=\"https:\/\/fondationjeunesentete.tor1.digitaloceanspaces.com\/2026\/02\/copie-de-visuel-actu-site-web.jpg\" \/>\n\t<meta property=\"og:image:width\" content=\"1358\" \/>\n\t<meta property=\"og:image:height\" content=\"590\" \/>\n\t<meta property=\"og:image:type\" content=\"image\/jpeg\" \/>\n<meta name=\"author\" content=\"Cl\u00e9lia Fouchereau\" \/>\n<meta name=\"twitter:card\" content=\"summary_large_image\" \/>\n<meta name=\"twitter:label1\" content=\"\u00c9crit par\" \/>\n\t<meta name=\"twitter:data1\" content=\"Cl\u00e9lia Fouchereau\" \/>\n\t<meta name=\"twitter:label2\" content=\"Dur\u00e9e de lecture estim\u00e9e\" \/>\n\t<meta name=\"twitter:data2\" content=\"4 minutes\" \/>\n<script type=\"application\/ld+json\" class=\"yoast-schema-graph\">{\"@context\":\"https:\/\/schema.org\",\"@graph\":[{\"@type\":\"Article\",\"@id\":\"https:\/\/fondationjeunesentete.org\/2026\/02\/13\/750-000-pour-la-sante-mentale-des-ados-du-quebec\/#article\",\"isPartOf\":{\"@id\":\"https:\/\/fondationjeunesentete.org\/2026\/02\/13\/750-000-pour-la-sante-mentale-des-ados-du-quebec\/\"},\"author\":{\"name\":\"Cl\u00e9lia Fouchereau\",\"@id\":\"https:\/\/fondationjeunesentete.org\/#\/schema\/person\/15c4fa21747ccb46e59680c098592325\"},\"headline\":\"750 000 $ pour la sant\u00e9 mentale des ados du Qu\u00e9bec\",\"datePublished\":\"2026-02-13T17:19:37+00:00\",\"dateModified\":\"2026-02-13T17:31:54+00:00\",\"mainEntityOfPage\":{\"@id\":\"https:\/\/fondationjeunesentete.org\/2026\/02\/13\/750-000-pour-la-sante-mentale-des-ados-du-quebec\/\"},\"wordCount\":1128,\"commentCount\":0,\"image\":{\"@id\":\"https:\/\/fondationjeunesentete.org\/2026\/02\/13\/750-000-pour-la-sante-mentale-des-ados-du-quebec\/#primaryimage\"},\"thumbnailUrl\":\"https:\/\/fondationjeunesentete.tor1.digitaloceanspaces.com\/2026\/02\/copie-de-visuel-actu-site-web.jpg\",\"articleSection\":[\"Articles de la Fondation\"],\"inLanguage\":\"fr-FR\",\"potentialAction\":[{\"@type\":\"CommentAction\",\"name\":\"Comment\",\"target\":[\"https:\/\/fondationjeunesentete.org\/2026\/02\/13\/750-000-pour-la-sante-mentale-des-ados-du-quebec\/#respond\"]}]},{\"@type\":\"WebPage\",\"@id\":\"https:\/\/fondationjeunesentete.org\/2026\/02\/13\/750-000-pour-la-sante-mentale-des-ados-du-quebec\/\",\"url\":\"https:\/\/fondationjeunesentete.org\/2026\/02\/13\/750-000-pour-la-sante-mentale-des-ados-du-quebec\/\",\"name\":\"750 000 $ pour la sant\u00e9 mentale des ados du Qu\u00e9bec - Fondation Jeunes en T\u00eate\",\"isPartOf\":{\"@id\":\"https:\/\/fondationjeunesentete.org\/#website\"},\"primaryImageOfPage\":{\"@id\":\"https:\/\/fondationjeunesentete.org\/2026\/02\/13\/750-000-pour-la-sante-mentale-des-ados-du-quebec\/#primaryimage\"},\"image\":{\"@id\":\"https:\/\/fondationjeunesentete.org\/2026\/02\/13\/750-000-pour-la-sante-mentale-des-ados-du-quebec\/#primaryimage\"},\"thumbnailUrl\":\"https:\/\/fondationjeunesentete.tor1.digitaloceanspaces.com\/2026\/02\/copie-de-visuel-actu-site-web.jpg\",\"datePublished\":\"2026-02-13T17:19:37+00:00\",\"dateModified\":\"2026-02-13T17:31:54+00:00\",\"author\":{\"@id\":\"https:\/\/fondationjeunesentete.org\/#\/schema\/person\/15c4fa21747ccb46e59680c098592325\"},\"description\":\"La 22e \u00e9dition du Bal de la Saint-Valentin de la Fondation Jeunes en T\u00eate, sous la th\u00e9matique du Grand Derby, a connu un succ\u00e8s \u00e9clatant hier soir \u00e0 la Gare Windsor de Montr\u00e9al.\",\"breadcrumb\":{\"@id\":\"https:\/\/fondationjeunesentete.org\/2026\/02\/13\/750-000-pour-la-sante-mentale-des-ados-du-quebec\/#breadcrumb\"},\"inLanguage\":\"fr-FR\",\"potentialAction\":[{\"@type\":\"ReadAction\",\"target\":[\"https:\/\/fondationjeunesentete.org\/2026\/02\/13\/750-000-pour-la-sante-mentale-des-ados-du-quebec\/\"]}]},{\"@type\":\"ImageObject\",\"inLanguage\":\"fr-FR\",\"@id\":\"https:\/\/fondationjeunesentete.org\/2026\/02\/13\/750-000-pour-la-sante-mentale-des-ados-du-quebec\/#primaryimage\",\"url\":\"https:\/\/fondationjeunesentete.tor1.digitaloceanspaces.com\/2026\/02\/copie-de-visuel-actu-site-web.jpg\",\"contentUrl\":\"https:\/\/fondationjeunesentete.tor1.digitaloceanspaces.com\/2026\/02\/copie-de-visuel-actu-site-web.jpg\",\"width\":1358,\"height\":590},{\"@type\":\"BreadcrumbList\",\"@id\":\"https:\/\/fondationjeunesentete.org\/2026\/02\/13\/750-000-pour-la-sante-mentale-des-ados-du-quebec\/#breadcrumb\",\"itemListElement\":[{\"@type\":\"ListItem\",\"position\":1,\"name\":\"Home\",\"item\":\"https:\/\/fondationjeunesentete.org\/\"},{\"@type\":\"ListItem\",\"position\":2,\"name\":\"750 000 $ pour la sant\u00e9 mentale des ados du Qu\u00e9bec\"}]},{\"@type\":\"WebSite\",\"@id\":\"https:\/\/fondationjeunesentete.org\/#website\",\"url\":\"https:\/\/fondationjeunesentete.org\/\",\"name\":\"Fondation Jeunes en T\u00eate\",\"description\":\"Agissons pour le bien-\u00eatre des jeunes\",\"potentialAction\":[{\"@type\":\"SearchAction\",\"target\":{\"@type\":\"EntryPoint\",\"urlTemplate\":\"https:\/\/fondationjeunesentete.org\/?s={search_term_string}\"},\"query-input\":{\"@type\":\"PropertyValueSpecification\",\"valueRequired\":true,\"valueName\":\"search_term_string\"}}],\"inLanguage\":\"fr-FR\"},{\"@type\":\"Person\",\"@id\":\"https:\/\/fondationjeunesentete.org\/#\/schema\/person\/15c4fa21747ccb46e59680c098592325\",\"name\":\"Cl\u00e9lia Fouchereau\",\"image\":{\"@type\":\"ImageObject\",\"inLanguage\":\"fr-FR\",\"@id\":\"https:\/\/fondationjeunesentete.org\/#\/schema\/person\/image\/\",\"url\":\"https:\/\/secure.gravatar.com\/avatar\/3cc1092f4b6d6be7748f4513a50c1a3aa2df312eef622261803f14f0ec5a9466?s=96&d=mm&r=g\",\"contentUrl\":\"https:\/\/secure.gravatar.com\/avatar\/3cc1092f4b6d6be7748f4513a50c1a3aa2df312eef622261803f14f0ec5a9466?s=96&d=mm&r=g\",\"caption\":\"Cl\u00e9lia Fouchereau\"},\"url\":\"https:\/\/fondationjeunesentete.org\/author\/cfouchereau\/\"}]}<\/script>\n<!-- \/ Yoast SEO plugin. -->","yoast_head_json":{"title":"750 000 $ pour la sant\u00e9 mentale des ados du Qu\u00e9bec - Fondation Jeunes en T\u00eate","description":"La 22e \u00e9dition du Bal de la Saint-Valentin de la Fondation Jeunes en T\u00eate, sous la th\u00e9matique du Grand Derby, a connu un succ\u00e8s \u00e9clatant hier soir \u00e0 la Gare Windsor de Montr\u00e9al.","robots":{"index":"index","follow":"follow","max-snippet":"max-snippet:-1","max-image-preview":"max-image-preview:large","max-video-preview":"max-video-preview:-1"},"canonical":"https:\/\/fondationjeunesentete.org\/2026\/02\/13\/750-000-pour-la-sante-mentale-des-ados-du-quebec\/","og_locale":"fr_FR","og_type":"article","og_title":"750 000 $ pour la sant\u00e9 mentale des ados du Qu\u00e9bec - Fondation Jeunes en T\u00eate","og_description":"La 22e \u00e9dition du Bal de la Saint-Valentin de la Fondation Jeunes en T\u00eate, sous la th\u00e9matique du Grand Derby, a connu un succ\u00e8s \u00e9clatant hier soir \u00e0 la Gare Windsor de Montr\u00e9al.","og_url":"https:\/\/fondationjeunesentete.org\/2026\/02\/13\/750-000-pour-la-sante-mentale-des-ados-du-quebec\/","og_site_name":"Fondation Jeunes en T\u00eate","article_published_time":"2026-02-13T17:19:37+00:00","article_modified_time":"2026-02-13T17:31:54+00:00","og_image":[{"width":1358,"height":590,"url":"https:\/\/fondationjeunesentete.tor1.digitaloceanspaces.com\/2026\/02\/copie-de-visuel-actu-site-web.jpg","type":"image\/jpeg"}],"author":"Cl\u00e9lia Fouchereau","twitter_card":"summary_large_image","twitter_misc":{"\u00c9crit par":"Cl\u00e9lia Fouchereau","Dur\u00e9e de lecture estim\u00e9e":"4 minutes"},"schema":{"@context":"https:\/\/schema.org","@graph":[{"@type":"Article","@id":"https:\/\/fondationjeunesentete.org\/2026\/02\/13\/750-000-pour-la-sante-mentale-des-ados-du-quebec\/#article","isPartOf":{"@id":"https:\/\/fondationjeunesentete.org\/2026\/02\/13\/750-000-pour-la-sante-mentale-des-ados-du-quebec\/"},"author":{"name":"Cl\u00e9lia Fouchereau","@id":"https:\/\/fondationjeunesentete.org\/#\/schema\/person\/15c4fa21747ccb46e59680c098592325"},"headline":"750 000 $ pour la sant\u00e9 mentale des ados du Qu\u00e9bec","datePublished":"2026-02-13T17:19:37+00:00","dateModified":"2026-02-13T17:31:54+00:00","mainEntityOfPage":{"@id":"https:\/\/fondationjeunesentete.org\/2026\/02\/13\/750-000-pour-la-sante-mentale-des-ados-du-quebec\/"},"wordCount":1128,"commentCount":0,"image":{"@id":"https:\/\/fondationjeunesentete.org\/2026\/02\/13\/750-000-pour-la-sante-mentale-des-ados-du-quebec\/#primaryimage"},"thumbnailUrl":"https:\/\/fondationjeunesentete.tor1.digitaloceanspaces.com\/2026\/02\/copie-de-visuel-actu-site-web.jpg","articleSection":["Articles de la Fondation"],"inLanguage":"fr-FR","potentialAction":[{"@type":"CommentAction","name":"Comment","target":["https:\/\/fondationjeunesentete.org\/2026\/02\/13\/750-000-pour-la-sante-mentale-des-ados-du-quebec\/#respond"]}]},{"@type":"WebPage","@id":"https:\/\/fondationjeunesentete.org\/2026\/02\/13\/750-000-pour-la-sante-mentale-des-ados-du-quebec\/","url":"https:\/\/fondationjeunesentete.org\/2026\/02\/13\/750-000-pour-la-sante-mentale-des-ados-du-quebec\/","name":"750 000 $ pour la sant\u00e9 mentale des ados du Qu\u00e9bec - Fondation Jeunes en T\u00eate","isPartOf":{"@id":"https:\/\/fondationjeunesentete.org\/#website"},"primaryImageOfPage":{"@id":"https:\/\/fondationjeunesentete.org\/2026\/02\/13\/750-000-pour-la-sante-mentale-des-ados-du-quebec\/#primaryimage"},"image":{"@id":"https:\/\/fondationjeunesentete.org\/2026\/02\/13\/750-000-pour-la-sante-mentale-des-ados-du-quebec\/#primaryimage"},"thumbnailUrl":"https:\/\/fondationjeunesentete.tor1.digitaloceanspaces.com\/2026\/02\/copie-de-visuel-actu-site-web.jpg","datePublished":"2026-02-13T17:19:37+00:00","dateModified":"2026-02-13T17:31:54+00:00","author":{"@id":"https:\/\/fondationjeunesentete.org\/#\/schema\/person\/15c4fa21747ccb46e59680c098592325"},"description":"La 22e \u00e9dition du Bal de la Saint-Valentin de la Fondation Jeunes en T\u00eate, sous la th\u00e9matique du Grand Derby, a connu un succ\u00e8s \u00e9clatant hier soir \u00e0 la Gare Windsor de Montr\u00e9al.","breadcrumb":{"@id":"https:\/\/fondationjeunesentete.org\/2026\/02\/13\/750-000-pour-la-sante-mentale-des-ados-du-quebec\/#breadcrumb"},"inLanguage":"fr-FR","potentialAction":[{"@type":"ReadAction","target":["https:\/\/fondationjeunesentete.org\/2026\/02\/13\/750-000-pour-la-sante-mentale-des-ados-du-quebec\/"]}]},{"@type":"ImageObject","inLanguage":"fr-FR","@id":"https:\/\/fondationjeunesentete.org\/2026\/02\/13\/750-000-pour-la-sante-mentale-des-ados-du-quebec\/#primaryimage","url":"https:\/\/fondationjeunesentete.tor1.digitaloceanspaces.com\/2026\/02\/copie-de-visuel-actu-site-web.jpg","contentUrl":"https:\/\/fondationjeunesentete.tor1.digitaloceanspaces.com\/2026\/02\/copie-de-visuel-actu-site-web.jpg","width":1358,"height":590},{"@type":"BreadcrumbList","@id":"https:\/\/fondationjeunesentete.org\/2026\/02\/13\/750-000-pour-la-sante-mentale-des-ados-du-quebec\/#breadcrumb","itemListElement":[{"@type":"ListItem","position":1,"name":"Home","item":"https:\/\/fondationjeunesentete.org\/"},{"@type":"ListItem","position":2,"name":"750 000 $ pour la sant\u00e9 mentale des ados du Qu\u00e9bec"}]},{"@type":"WebSite","@id":"https:\/\/fondationjeunesentete.org\/#website","url":"https:\/\/fondationjeunesentete.org\/","name":"Fondation Jeunes en T\u00eate","description":"Agissons pour le bien-\u00eatre des jeunes","potentialAction":[{"@type":"SearchAction","target":{"@type":"EntryPoint","urlTemplate":"https:\/\/fondationjeunesentete.org\/?s={search_term_string}"},"query-input":{"@type":"PropertyValueSpecification","valueRequired":true,"valueName":"search_term_string"}}],"inLanguage":"fr-FR"},{"@type":"Person","@id":"https:\/\/fondationjeunesentete.org\/#\/schema\/person\/15c4fa21747ccb46e59680c098592325","name":"Cl\u00e9lia Fouchereau","image":{"@type":"ImageObject","inLanguage":"fr-FR","@id":"https:\/\/fondationjeunesentete.org\/#\/schema\/person\/image\/","url":"https:\/\/secure.gravatar.com\/avatar\/3cc1092f4b6d6be7748f4513a50c1a3aa2df312eef622261803f14f0ec5a9466?s=96&d=mm&r=g","contentUrl":"https:\/\/secure.gravatar.com\/avatar\/3cc1092f4b6d6be7748f4513a50c1a3aa2df312eef622261803f14f0ec5a9466?s=96&d=mm&r=g","caption":"Cl\u00e9lia Fouchereau"},"url":"https:\/\/fondationjeunesentete.org\/author\/cfouchereau\/"}]}},"_links":{"self":[{"href":"https:\/\/fondationjeunesentete.org\/wp-json\/wp\/v2\/posts\/38481","targetHints":{"allow":["GET"]}}],"collection":[{"href":"https:\/\/fondationjeunesentete.org\/wp-json\/wp\/v2\/posts"}],"about":[{"href":"https:\/\/fondationjeunesentete.org\/wp-json\/wp\/v2\/types\/post"}],"author":[{"embeddable":true,"href":"https:\/\/fondationjeunesentete.org\/wp-json\/wp\/v2\/users\/22"}],"replies":[{"embeddable":true,"href":"https:\/\/fondationjeunesentete.org\/wp-json\/wp\/v2\/comments?post=38481"}],"version-history":[{"count":92,"href":"https:\/\/fondationjeunesentete.org\/wp-json\/wp\/v2\/posts\/38481\/revisions"}],"predecessor-version":[{"id":38642,"href":"https:\/\/fondationjeunesentete.org\/wp-json\/wp\/v2\/posts\/38481\/revisions\/38642"}],"wp:featuredmedia":[{"embeddable":true,"href":"https:\/\/fondationjeunesentete.org\/wp-json\/wp\/v2\/media\/38614"}],"wp:attachment":[{"href":"https:\/\/fondationjeunesentete.org\/wp-json\/wp\/v2\/media?parent=38481"}],"wp:term":[{"taxonomy":"category","embeddable":true,"href":"https:\/\/fondationjeunesentete.org\/wp-json\/wp\/v2\/categories?post=38481"},{"taxonomy":"post_tag","embeddable":true,"href":"https:\/\/fondationjeunesentete.org\/wp-json\/wp\/v2\/tags?post=38481"}],"curies":[{"name":"wp","href":"https:\/\/api.w.org\/{rel}","templated":true}]}}